{"id":15757,"date":"2025-06-27T10:31:19","date_gmt":"2025-06-27T10:31:19","guid":{"rendered":"https:\/\/cryptoadria.com\/portal\/2025\/06\/27\/je-li-tether-antifragilan-izvrsni-direktor-paolo-ardoino-misli-da-jest\/"},"modified":"2025-06-27T10:31:19","modified_gmt":"2025-06-27T10:31:19","slug":"je-li-tether-antifragilan-izvrsni-direktor-paolo-ardoino-misli-da-jest","status":"publish","type":"post","link":"https:\/\/cryptoadria.com\/portal\/2025\/06\/27\/je-li-tether-antifragilan-izvrsni-direktor-paolo-ardoino-misli-da-jest\/","title":{"rendered":"Je li Tether antifragilan? Izvr\u0161ni direktor Paolo Ardoino misli da jest."},"content":{"rendered":"<p>Paolo Ardoino, izvr\u0161ni direktor kompanije Tether, smatra da je ovaj stabilni coin, \u010dija je vrijednost 157 milijardi dolara, &#8220;antifragilan&#8221;. Tether je opstao i napredovao vi\u0161e od jedanaest godina u industriji punoj kontroverzi. Ardoino, kao veliki ljubitelj nau\u010dne fantastike, dobro je upoznat sa konceptom antifragilnosti.<\/p>\n<p>On vidi Tether kao ultimativni antifragilni, odnosno, kao ne\u0161to \u0161to ja\u010da pod pritiskom i nepovoljnim okolnostima. Stablecoin behemot, vrijedan 157 milijardi dolara, pokazao je otpornost i rast, uprkos brojnim izazovima i polemikama prisutnim u kripto industriji tokom vi\u0161e od jedanaest godina svog postojanja. Ardoino, \u010dija je strast prema nau\u010dnoj fantastici poznata, koristi taj koncept kako bi objasnio postojanost i snagu Tetherea.<\/p>\n","protected":false},"excerpt":{"rendered":"<p>Jesu li Tether antifragilan? CEO Paolo Ardoino to misli<\/p>\n<p>$157 milijardi vrijedan stablecoin behemoth opstao je i napredovao u industriji punoj kontroverzi. CEO Tethera Paolo Ardoino smatra ga ultimativnim antifragilnim sredstvom, isti\u010du\u0107i njegov uspjeh unato\u010d izazovima.<\/p>\n","protected":false},"author":7,"featured_media":15756,"comment_status":"open","ping_status":"open","sticky":false,"template":"","format":"standard","meta":{"inline_featured_image":false,"footnotes":""},"categories":[488],"tags":[50,52,391,65,66],"class_list":["post-15757","post","type-post","status-publish","format-standard","has-post-thumbnail","hentry","category-trziste","tag-bitcoin","tag-ethereum","tag-euro","tag-kripto","tag-kriptovaluta"],"yoast_head":"<!-- This site is optimized with the Yoast SEO plugin v25.2 - https:\/\/yoast.com\/wordpress\/plugins\/seo\/ -->\n<title>Je li Tether antifragilan? Izvr\u0161ni direktor Paolo Ardoino misli da jest. - CryptoAdria Portal<\/title>\n<meta name=\"robots\" content=\"index, follow, max-snippet:-1, max-image-preview:large, max-video-preview:-1\" \/>\n<link rel=\"canonical\" href=\"https:\/\/cryptoadria.com\/portal\/2025\/06\/27\/je-li-tether-antifragilan-izvrsni-direktor-paolo-ardoino-misli-da-jest\/\" \/>\n<meta property=\"og:locale\" content=\"en_US\" \/>\n<meta property=\"og:type\" content=\"article\" \/>\n<meta property=\"og:title\" content=\"Je li Tether antifragilan? Izvr\u0161ni direktor Paolo Ardoino misli da jest. - CryptoAdria Portal\" \/>\n<meta property=\"og:description\" content=\"Jesu li Tether antifragilan? CEO Paolo Ardoino to misli $157 milijardi vrijedan stablecoin behemoth opstao je i napredovao u industriji punoj kontroverzi. CEO Tethera Paolo Ardoino smatra ga ultimativnim antifragilnim sredstvom, isti\u010du\u0107i njegov uspjeh unato\u010d izazovima.\" \/>\n<meta property=\"og:url\" content=\"https:\/\/cryptoadria.com\/portal\/2025\/06\/27\/je-li-tether-antifragilan-izvrsni-direktor-paolo-ardoino-misli-da-jest\/\" \/>\n<meta property=\"og:site_name\" content=\"CryptoAdria Portal\" \/>\n<meta property=\"article:publisher\" content=\"https:\/\/www.facebook.com\/cryptoadria\" \/>\n<meta property=\"article:published_time\" content=\"2025-06-27T10:31:19+00:00\" \/>\n<meta property=\"og:image\" content=\"https:\/\/cryptoadria.com\/portal\/wp-content\/uploads\/2023\/08\/Screenshot-2023-08-24-at-15.20.26.png\" \/>\n\t<meta property=\"og:image:width\" content=\"1850\" \/>\n\t<meta property=\"og:image:height\" content=\"1272\" \/>\n\t<meta property=\"og:image:type\" content=\"image\/png\" \/>\n<meta name=\"author\" content=\"Novinar\" \/>\n<meta name=\"twitter:card\" content=\"summary_large_image\" \/>\n<meta name=\"twitter:creator\" content=\"@cryptoadria_com\" \/>\n<meta name=\"twitter:site\" content=\"@cryptoadria_com\" \/>\n<meta name=\"twitter:label1\" content=\"Written by\" \/>\n\t<meta name=\"twitter:data1\" content=\"Novinar\" \/>\n\t<meta name=\"twitter:label2\" content=\"Est. reading time\" \/>\n\t<meta name=\"twitter:data2\" content=\"1 minute\" \/>\n<script type=\"application\/ld+json\" class=\"yoast-schema-graph\">{\"@context\":\"https:\/\/schema.org\",\"@graph\":[{\"@type\":\"Article\",\"@id\":\"https:\/\/cryptoadria.com\/portal\/2025\/06\/27\/je-li-tether-antifragilan-izvrsni-direktor-paolo-ardoino-misli-da-jest\/#article\",\"isPartOf\":{\"@id\":\"https:\/\/cryptoadria.com\/portal\/2025\/06\/27\/je-li-tether-antifragilan-izvrsni-direktor-paolo-ardoino-misli-da-jest\/\"},\"author\":{\"name\":\"Novinar\",\"@id\":\"https:\/\/cryptoadria.com\/portal\/#\/schema\/person\/d83eac36d264ea9966ac43281ba34dff\"},\"headline\":\"Je li Tether antifragilan? Izvr\u0161ni direktor Paolo Ardoino misli da jest.\",\"datePublished\":\"2025-06-27T10:31:19+00:00\",\"mainEntityOfPage\":{\"@id\":\"https:\/\/cryptoadria.com\/portal\/2025\/06\/27\/je-li-tether-antifragilan-izvrsni-direktor-paolo-ardoino-misli-da-jest\/\"},\"wordCount\":122,\"commentCount\":0,\"publisher\":{\"@id\":\"https:\/\/cryptoadria.com\/portal\/#organization\"},\"image\":{\"@id\":\"https:\/\/cryptoadria.com\/portal\/2025\/06\/27\/je-li-tether-antifragilan-izvrsni-direktor-paolo-ardoino-misli-da-jest\/#primaryimage\"},\"thumbnailUrl\":\"https:\/\/cryptoadria.com\/portal\/wp-content\/uploads\/2025\/06\/je-li-tether-antifragilan-izvrsni-direktor-paolo-ardoino-misli-da-jest.jpg\",\"keywords\":[\"Bitcoin\",\"Ethereum\",\"Euro\",\"Kripto\",\"Kriptovaluta\"],\"articleSection\":[\"Tr\u017ei\u0161te kriptovaluta\"],\"inLanguage\":\"en-US\",\"potentialAction\":[{\"@type\":\"CommentAction\",\"name\":\"Comment\",\"target\":[\"https:\/\/cryptoadria.com\/portal\/2025\/06\/27\/je-li-tether-antifragilan-izvrsni-direktor-paolo-ardoino-misli-da-jest\/#respond\"]}]},{\"@type\":\"WebPage\",\"@id\":\"https:\/\/cryptoadria.com\/portal\/2025\/06\/27\/je-li-tether-antifragilan-izvrsni-direktor-paolo-ardoino-misli-da-jest\/\",\"url\":\"https:\/\/cryptoadria.com\/portal\/2025\/06\/27\/je-li-tether-antifragilan-izvrsni-direktor-paolo-ardoino-misli-da-jest\/\",\"name\":\"Je li Tether antifragilan? Izvr\u0161ni direktor Paolo Ardoino misli da jest. - CryptoAdria Portal\",\"isPartOf\":{\"@id\":\"https:\/\/cryptoadria.com\/portal\/#website\"},\"primaryImageOfPage\":{\"@id\":\"https:\/\/cryptoadria.com\/portal\/2025\/06\/27\/je-li-tether-antifragilan-izvrsni-direktor-paolo-ardoino-misli-da-jest\/#primaryimage\"},\"image\":{\"@id\":\"https:\/\/cryptoadria.com\/portal\/2025\/06\/27\/je-li-tether-antifragilan-izvrsni-direktor-paolo-ardoino-misli-da-jest\/#primaryimage\"},\"thumbnailUrl\":\"https:\/\/cryptoadria.com\/portal\/wp-content\/uploads\/2025\/06\/je-li-tether-antifragilan-izvrsni-direktor-paolo-ardoino-misli-da-jest.jpg\",\"datePublished\":\"2025-06-27T10:31:19+00:00\",\"breadcrumb\":{\"@id\":\"https:\/\/cryptoadria.com\/portal\/2025\/06\/27\/je-li-tether-antifragilan-izvrsni-direktor-paolo-ardoino-misli-da-jest\/#breadcrumb\"},\"inLanguage\":\"en-US\",\"potentialAction\":[{\"@type\":\"ReadAction\",\"target\":[\"https:\/\/cryptoadria.com\/portal\/2025\/06\/27\/je-li-tether-antifragilan-izvrsni-direktor-paolo-ardoino-misli-da-jest\/\"]}]},{\"@type\":\"ImageObject\",\"inLanguage\":\"en-US\",\"@id\":\"https:\/\/cryptoadria.com\/portal\/2025\/06\/27\/je-li-tether-antifragilan-izvrsni-direktor-paolo-ardoino-misli-da-jest\/#primaryimage\",\"url\":\"https:\/\/cryptoadria.com\/portal\/wp-content\/uploads\/2025\/06\/je-li-tether-antifragilan-izvrsni-direktor-paolo-ardoino-misli-da-jest.jpg\",\"contentUrl\":\"https:\/\/cryptoadria.com\/portal\/wp-content\/uploads\/2025\/06\/je-li-tether-antifragilan-izvrsni-direktor-paolo-ardoino-misli-da-jest.jpg\",\"width\":768,\"height\":432},{\"@type\":\"BreadcrumbList\",\"@id\":\"https:\/\/cryptoadria.com\/portal\/2025\/06\/27\/je-li-tether-antifragilan-izvrsni-direktor-paolo-ardoino-misli-da-jest\/#breadcrumb\",\"itemListElement\":[{\"@type\":\"ListItem\",\"position\":1,\"name\":\"Home\",\"item\":\"https:\/\/cryptoadria.com\/portal\/\"},{\"@type\":\"ListItem\",\"position\":2,\"name\":\"Je li Tether antifragilan? Izvr\u0161ni direktor Paolo Ardoino misli da jest.\"}]},{\"@type\":\"WebSite\",\"@id\":\"https:\/\/cryptoadria.com\/portal\/#website\",\"url\":\"https:\/\/cryptoadria.com\/portal\/\",\"name\":\"CryptoAdria Portal\",\"description\":\"Novosti iz oblasti kriptovaluta, blockchain tehnologije, tokenizacije...\",\"publisher\":{\"@id\":\"https:\/\/cryptoadria.com\/portal\/#organization\"},\"potentialAction\":[{\"@type\":\"SearchAction\",\"target\":{\"@type\":\"EntryPoint\",\"urlTemplate\":\"https:\/\/cryptoadria.com\/portal\/?s={search_term_string}\"},\"query-input\":{\"@type\":\"PropertyValueSpecification\",\"valueRequired\":true,\"valueName\":\"search_term_string\"}}],\"inLanguage\":\"en-US\"},{\"@type\":\"Organization\",\"@id\":\"https:\/\/cryptoadria.com\/portal\/#organization\",\"name\":\"Crypto Adria\",\"url\":\"https:\/\/cryptoadria.com\/portal\/\",\"logo\":{\"@type\":\"ImageObject\",\"inLanguage\":\"en-US\",\"@id\":\"https:\/\/cryptoadria.com\/portal\/#\/schema\/logo\/image\/\",\"url\":\"https:\/\/cryptoadria.com\/portal\/wp-content\/uploads\/2023\/08\/2.png\",\"contentUrl\":\"https:\/\/cryptoadria.com\/portal\/wp-content\/uploads\/2023\/08\/2.png\",\"width\":300,\"height\":81,\"caption\":\"Crypto Adria\"},\"image\":{\"@id\":\"https:\/\/cryptoadria.com\/portal\/#\/schema\/logo\/image\/\"},\"sameAs\":[\"https:\/\/www.facebook.com\/cryptoadria\",\"https:\/\/x.com\/cryptoadria_com\",\"https:\/\/www.tiktok.com\/@cryptoadria.community\"]},{\"@type\":\"Person\",\"@id\":\"https:\/\/cryptoadria.com\/portal\/#\/schema\/person\/d83eac36d264ea9966ac43281ba34dff\",\"name\":\"Novinar\",\"image\":{\"@type\":\"ImageObject\",\"inLanguage\":\"en-US\",\"@id\":\"https:\/\/cryptoadria.com\/portal\/#\/schema\/person\/image\/\",\"url\":\"https:\/\/secure.gravatar.com\/avatar\/f5a18ef614d15c7c645931ad37b59d4022daa6a22a41acc9d1aeb6297d07495e?s=96&d=mm&r=g\",\"contentUrl\":\"https:\/\/secure.gravatar.com\/avatar\/f5a18ef614d15c7c645931ad37b59d4022daa6a22a41acc9d1aeb6297d07495e?s=96&d=mm&r=g\",\"caption\":\"Novinar\"},\"url\":\"https:\/\/cryptoadria.com\/portal\/author\/aicryptoadria\/\"}]}<\/script>\n<!-- \/ Yoast SEO plugin. -->","yoast_head_json":{"title":"Je li Tether antifragilan? Izvr\u0161ni direktor Paolo Ardoino misli da jest. - CryptoAdria Portal","robots":{"index":"index","follow":"follow","max-snippet":"max-snippet:-1","max-image-preview":"max-image-preview:large","max-video-preview":"max-video-preview:-1"},"canonical":"https:\/\/cryptoadria.com\/portal\/2025\/06\/27\/je-li-tether-antifragilan-izvrsni-direktor-paolo-ardoino-misli-da-jest\/","og_locale":"en_US","og_type":"article","og_title":"Je li Tether antifragilan? Izvr\u0161ni direktor Paolo Ardoino misli da jest. - CryptoAdria Portal","og_description":"Jesu li Tether antifragilan? CEO Paolo Ardoino to misli $157 milijardi vrijedan stablecoin behemoth opstao je i napredovao u industriji punoj kontroverzi. CEO Tethera Paolo Ardoino smatra ga ultimativnim antifragilnim sredstvom, isti\u010du\u0107i njegov uspjeh unato\u010d izazovima.","og_url":"https:\/\/cryptoadria.com\/portal\/2025\/06\/27\/je-li-tether-antifragilan-izvrsni-direktor-paolo-ardoino-misli-da-jest\/","og_site_name":"CryptoAdria Portal","article_publisher":"https:\/\/www.facebook.com\/cryptoadria","article_published_time":"2025-06-27T10:31:19+00:00","og_image":[{"width":1850,"height":1272,"url":"https:\/\/cryptoadria.com\/portal\/wp-content\/uploads\/2023\/08\/Screenshot-2023-08-24-at-15.20.26.png","type":"image\/png"}],"author":"Novinar","twitter_card":"summary_large_image","twitter_creator":"@cryptoadria_com","twitter_site":"@cryptoadria_com","twitter_misc":{"Written by":"Novinar","Est. reading time":"1 minute"},"schema":{"@context":"https:\/\/schema.org","@graph":[{"@type":"Article","@id":"https:\/\/cryptoadria.com\/portal\/2025\/06\/27\/je-li-tether-antifragilan-izvrsni-direktor-paolo-ardoino-misli-da-jest\/#article","isPartOf":{"@id":"https:\/\/cryptoadria.com\/portal\/2025\/06\/27\/je-li-tether-antifragilan-izvrsni-direktor-paolo-ardoino-misli-da-jest\/"},"author":{"name":"Novinar","@id":"https:\/\/cryptoadria.com\/portal\/#\/schema\/person\/d83eac36d264ea9966ac43281ba34dff"},"headline":"Je li Tether antifragilan? Izvr\u0161ni direktor Paolo Ardoino misli da jest.","datePublished":"2025-06-27T10:31:19+00:00","mainEntityOfPage":{"@id":"https:\/\/cryptoadria.com\/portal\/2025\/06\/27\/je-li-tether-antifragilan-izvrsni-direktor-paolo-ardoino-misli-da-jest\/"},"wordCount":122,"commentCount":0,"publisher":{"@id":"https:\/\/cryptoadria.com\/portal\/#organization"},"image":{"@id":"https:\/\/cryptoadria.com\/portal\/2025\/06\/27\/je-li-tether-antifragilan-izvrsni-direktor-paolo-ardoino-misli-da-jest\/#primaryimage"},"thumbnailUrl":"https:\/\/cryptoadria.com\/portal\/wp-content\/uploads\/2025\/06\/je-li-tether-antifragilan-izvrsni-direktor-paolo-ardoino-misli-da-jest.jpg","keywords":["Bitcoin","Ethereum","Euro","Kripto","Kriptovaluta"],"articleSection":["Tr\u017ei\u0161te kriptovaluta"],"inLanguage":"en-US","potentialAction":[{"@type":"CommentAction","name":"Comment","target":["https:\/\/cryptoadria.com\/portal\/2025\/06\/27\/je-li-tether-antifragilan-izvrsni-direktor-paolo-ardoino-misli-da-jest\/#respond"]}]},{"@type":"WebPage","@id":"https:\/\/cryptoadria.com\/portal\/2025\/06\/27\/je-li-tether-antifragilan-izvrsni-direktor-paolo-ardoino-misli-da-jest\/","url":"https:\/\/cryptoadria.com\/portal\/2025\/06\/27\/je-li-tether-antifragilan-izvrsni-direktor-paolo-ardoino-misli-da-jest\/","name":"Je li Tether antifragilan? Izvr\u0161ni direktor Paolo Ardoino misli da jest. - CryptoAdria Portal","isPartOf":{"@id":"https:\/\/cryptoadria.com\/portal\/#website"},"primaryImageOfPage":{"@id":"https:\/\/cryptoadria.com\/portal\/2025\/06\/27\/je-li-tether-antifragilan-izvrsni-direktor-paolo-ardoino-misli-da-jest\/#primaryimage"},"image":{"@id":"https:\/\/cryptoadria.com\/portal\/2025\/06\/27\/je-li-tether-antifragilan-izvrsni-direktor-paolo-ardoino-misli-da-jest\/#primaryimage"},"thumbnailUrl":"https:\/\/cryptoadria.com\/portal\/wp-content\/uploads\/2025\/06\/je-li-tether-antifragilan-izvrsni-direktor-paolo-ardoino-misli-da-jest.jpg","datePublished":"2025-06-27T10:31:19+00:00","breadcrumb":{"@id":"https:\/\/cryptoadria.com\/portal\/2025\/06\/27\/je-li-tether-antifragilan-izvrsni-direktor-paolo-ardoino-misli-da-jest\/#breadcrumb"},"inLanguage":"en-US","potentialAction":[{"@type":"ReadAction","target":["https:\/\/cryptoadria.com\/portal\/2025\/06\/27\/je-li-tether-antifragilan-izvrsni-direktor-paolo-ardoino-misli-da-jest\/"]}]},{"@type":"ImageObject","inLanguage":"en-US","@id":"https:\/\/cryptoadria.com\/portal\/2025\/06\/27\/je-li-tether-antifragilan-izvrsni-direktor-paolo-ardoino-misli-da-jest\/#primaryimage","url":"https:\/\/cryptoadria.com\/portal\/wp-content\/uploads\/2025\/06\/je-li-tether-antifragilan-izvrsni-direktor-paolo-ardoino-misli-da-jest.jpg","contentUrl":"https:\/\/cryptoadria.com\/portal\/wp-content\/uploads\/2025\/06\/je-li-tether-antifragilan-izvrsni-direktor-paolo-ardoino-misli-da-jest.jpg","width":768,"height":432},{"@type":"BreadcrumbList","@id":"https:\/\/cryptoadria.com\/portal\/2025\/06\/27\/je-li-tether-antifragilan-izvrsni-direktor-paolo-ardoino-misli-da-jest\/#breadcrumb","itemListElement":[{"@type":"ListItem","position":1,"name":"Home","item":"https:\/\/cryptoadria.com\/portal\/"},{"@type":"ListItem","position":2,"name":"Je li Tether antifragilan? Izvr\u0161ni direktor Paolo Ardoino misli da jest."}]},{"@type":"WebSite","@id":"https:\/\/cryptoadria.com\/portal\/#website","url":"https:\/\/cryptoadria.com\/portal\/","name":"CryptoAdria Portal","description":"Novosti iz oblasti kriptovaluta, blockchain tehnologije, tokenizacije...","publisher":{"@id":"https:\/\/cryptoadria.com\/portal\/#organization"},"potentialAction":[{"@type":"SearchAction","target":{"@type":"EntryPoint","urlTemplate":"https:\/\/cryptoadria.com\/portal\/?s={search_term_string}"},"query-input":{"@type":"PropertyValueSpecification","valueRequired":true,"valueName":"search_term_string"}}],"inLanguage":"en-US"},{"@type":"Organization","@id":"https:\/\/cryptoadria.com\/portal\/#organization","name":"Crypto Adria","url":"https:\/\/cryptoadria.com\/portal\/","logo":{"@type":"ImageObject","inLanguage":"en-US","@id":"https:\/\/cryptoadria.com\/portal\/#\/schema\/logo\/image\/","url":"https:\/\/cryptoadria.com\/portal\/wp-content\/uploads\/2023\/08\/2.png","contentUrl":"https:\/\/cryptoadria.com\/portal\/wp-content\/uploads\/2023\/08\/2.png","width":300,"height":81,"caption":"Crypto Adria"},"image":{"@id":"https:\/\/cryptoadria.com\/portal\/#\/schema\/logo\/image\/"},"sameAs":["https:\/\/www.facebook.com\/cryptoadria","https:\/\/x.com\/cryptoadria_com","https:\/\/www.tiktok.com\/@cryptoadria.community"]},{"@type":"Person","@id":"https:\/\/cryptoadria.com\/portal\/#\/schema\/person\/d83eac36d264ea9966ac43281ba34dff","name":"Novinar","image":{"@type":"ImageObject","inLanguage":"en-US","@id":"https:\/\/cryptoadria.com\/portal\/#\/schema\/person\/image\/","url":"https:\/\/secure.gravatar.com\/avatar\/f5a18ef614d15c7c645931ad37b59d4022daa6a22a41acc9d1aeb6297d07495e?s=96&d=mm&r=g","contentUrl":"https:\/\/secure.gravatar.com\/avatar\/f5a18ef614d15c7c645931ad37b59d4022daa6a22a41acc9d1aeb6297d07495e?s=96&d=mm&r=g","caption":"Novinar"},"url":"https:\/\/cryptoadria.com\/portal\/author\/aicryptoadria\/"}]}},"_links":{"self":[{"href":"https:\/\/cryptoadria.com\/portal\/wp-json\/wp\/v2\/posts\/15757","targetHints":{"allow":["GET"]}}],"collection":[{"href":"https:\/\/cryptoadria.com\/portal\/wp-json\/wp\/v2\/posts"}],"about":[{"href":"https:\/\/cryptoadria.com\/portal\/wp-json\/wp\/v2\/types\/post"}],"author":[{"embeddable":true,"href":"https:\/\/cryptoadria.com\/portal\/wp-json\/wp\/v2\/users\/7"}],"replies":[{"embeddable":true,"href":"https:\/\/cryptoadria.com\/portal\/wp-json\/wp\/v2\/comments?post=15757"}],"version-history":[{"count":0,"href":"https:\/\/cryptoadria.com\/portal\/wp-json\/wp\/v2\/posts\/15757\/revisions"}],"wp:featuredmedia":[{"embeddable":true,"href":"https:\/\/cryptoadria.com\/portal\/wp-json\/wp\/v2\/media\/15756"}],"wp:attachment":[{"href":"https:\/\/cryptoadria.com\/portal\/wp-json\/wp\/v2\/media?parent=15757"}],"wp:term":[{"taxonomy":"category","embeddable":true,"href":"https:\/\/cryptoadria.com\/portal\/wp-json\/wp\/v2\/categories?post=15757"},{"taxonomy":"post_tag","embeddable":true,"href":"https:\/\/cryptoadria.com\/portal\/wp-json\/wp\/v2\/tags?post=15757"}],"curies":[{"name":"wp","href":"https:\/\/api.w.org\/{rel}","templated":true}]}}